{"id":3093,"date":"2017-09-06T15:59:06","date_gmt":"2017-09-06T13:59:06","guid":{"rendered":"https:\/\/www.egida.cz\/?p=3093"},"modified":"2022-04-13T16:02:38","modified_gmt":"2022-04-13T14:02:38","slug":"tracing-the-history-of-prague-vysehrad","status":"publish","type":"post","link":"https:\/\/www.egida.cz\/en\/tracing-the-history-of-prague-vysehrad\/","title":{"rendered":"Tracing the history of Prague \u2013 Vy\u0161ehrad"},"content":{"rendered":"\t\t<div data-elementor-type=\"wp-post\" data-elementor-id=\"3093\" class=\"elementor elementor-3093 elementor-3092\" data-elementor-post-type=\"post\">\n\t\t\t\t\t\t<section class=\"elementor-section elementor-top-section elementor-element elementor-element-c3df39c elementor-section-boxed elementor-section-height-default elementor-section-height-default\" data-id=\"c3df39c\" data-element_type=\"section\">\n\t\t\t\t\t\t<div class=\"elementor-container elementor-column-gap-default\">\n\t\t\t\t\t<div class=\"elementor-column elementor-col-100 elementor-top-column elementor-element elementor-element-6acc1c3\" data-id=\"6acc1c3\" data-element_type=\"column\">\n\t\t\t<div class=\"elementor-widget-wrap elementor-element-populated\">\n\t\t\t\t\t\t<div class=\"elementor-element elementor-element-9ce0d06 elementor-widget elementor-widget-text-editor\" data-id=\"9ce0d06\" data-element_type=\"widget\" data-widget_type=\"text-editor.default\">\n\t\t\t\t<div class=\"elementor-widget-container\">\n\t\t\t\t\t\t\t<blockquote><p>While discovering Prague make sure you don\u2019t forget to take a relaxing walk in Vy\u0161ehrad. Mysterious and steeped in legends,\u00a0<strong>Vy\u0161ehrad<\/strong>\u00a0is a gem that\u2019s played a significant part in the history of the capital and the whole country. Soak up the unique atmosphere of the historic fort and the surrounding park.\u00a0Vy\u0161ehrad\u00a0is perched\u00a0<strong>on top of a rock<\/strong>\u00a0towering from the Vltava River banks. Therefore, it boasts, in addition to its historic and spiritual value, incredible\u00a0<a href=\"https:\/\/bretislavka.cz\/en\/2017\/04\/04\/enjoy-unobstructed-views-of-prague-and-beyond-from-one-of-the-observation-towers-in-the-city\/\">panoramic views of the city<\/a>.<\/p><\/blockquote>\t\t\t\t\t\t<\/div>\n\t\t\t\t<\/div>\n\t\t\t\t\t<\/div>\n\t\t<\/div>\n\t\t\t\t\t<\/div>\n\t\t<\/section>\n\t\t\t\t<section class=\"elementor-section elementor-top-section elementor-element elementor-element-9742d7b elementor-section-boxed elementor-section-height-default elementor-section-height-default\" data-id=\"9742d7b\" data-element_type=\"section\">\n\t\t\t\t\t\t<div class=\"elementor-container elementor-column-gap-default\">\n\t\t\t\t\t<div class=\"elementor-column elementor-col-100 elementor-top-column elementor-element elementor-element-7a21cdd\" data-id=\"7a21cdd\" data-element_type=\"column\">\n\t\t\t<div class=\"elementor-widget-wrap elementor-element-populated\">\n\t\t\t\t\t\t<div class=\"elementor-element elementor-element-e7f0021 elementor-widget elementor-widget-heading\" data-id=\"e7f0021\" data-element_type=\"widget\" data-widget_type=\"heading.default\">\n\t\t\t\t<div class=\"elementor-widget-container\">\n\t\t\t<h2 class=\"elementor-heading-title elementor-size-default\">Vy\u0161ehrad \u2013 a place steeped in legends\n<\/h2>\t\t<\/div>\n\t\t\t\t<\/div>\n\t\t\t\t\t<\/div>\n\t\t<\/div>\n\t\t\t\t\t<\/div>\n\t\t<\/section>\n\t\t\t\t<section class=\"elementor-section elementor-top-section elementor-element elementor-element-eb0c352 elementor-section-boxed elementor-section-height-default elementor-section-height-default\" data-id=\"eb0c352\" data-element_type=\"section\">\n\t\t\t\t\t\t<div class=\"elementor-container elementor-column-gap-default\">\n\t\t\t\t\t<div class=\"elementor-column elementor-col-100 elementor-top-column elementor-element elementor-element-9614d39\" data-id=\"9614d39\" data-element_type=\"column\">\n\t\t\t<div class=\"elementor-widget-wrap elementor-element-populated\">\n\t\t\t\t\t\t<div class=\"elementor-element elementor-element-ab58c9a elementor-widget elementor-widget-text-editor\" data-id=\"ab58c9a\" data-element_type=\"widget\" data-widget_type=\"text-editor.default\">\n\t\t\t\t<div class=\"elementor-widget-container\">\n\t\t\t\t\t\t\t<p><strong>Alois Jir\u00e1sek<\/strong>, one of the most significant Czech writers of all time, studied old chronicles tracing the history of this breathtaking place. In his\u00a0<strong>Ancient Bohemian Legends<\/strong>\u00a0(Star\u00e9 pov\u011bsti \u010desk\u00e9), Jir\u00e1sek narrates about\u00a0<strong>Libu\u0161e<\/strong>, a legendary princess, who is said to have foreseen the glorious future of Prague from her residence in Vy\u0161ehrad. Other characters that appear in his masterpiece are\u00a0<strong>Bivoj<\/strong>, a legendary strongman who is said to have been able to catch a wild boar with his bare hands and bring it to Libu\u0161e on his shoulders, or\u00a0<strong>\u0160em\u00edk<\/strong>\u00a0\u2013 a legendary horse that is said to have jumped from the Vy\u0161ehrad rock all the way down to the Vltava.\u00a0Jir\u00e1sek also mentions legends related to other places such as\u00a0<a href=\"https:\/\/bretislavka.cz\/en\/2016\/05\/19\/sarka-a-place-steeped-in-a-legend\/\">Divok\u00e1 \u0160\u00e1rka<\/a>.<\/p>\t\t\t\t\t\t<\/div>\n\t\t\t\t<\/div>\n\t\t\t\t\t<\/div>\n\t\t<\/div>\n\t\t\t\t\t<\/div>\n\t\t<\/section>\n\t\t\t\t<section class=\"elementor-section elementor-top-section elementor-element elementor-element-6050246 elementor-section-boxed elementor-section-height-default elementor-section-height-default\" data-id=\"6050246\" data-element_type=\"section\">\n\t\t\t\t\t\t<div class=\"elementor-container elementor-column-gap-default\">\n\t\t\t\t\t<div class=\"elementor-column elementor-col-100 elementor-top-column elementor-element elementor-element-70e3148\" data-id=\"70e3148\" data-element_type=\"column\">\n\t\t\t<div class=\"elementor-widget-wrap elementor-element-populated\">\n\t\t\t\t\t\t<div class=\"elementor-element elementor-element-6d56f6f elementor-widget elementor-widget-heading\" data-id=\"6d56f6f\" data-element_type=\"widget\" data-widget_type=\"heading.default\">\n\t\t\t\t<div class=\"elementor-widget-container\">\n\t\t\t<h2 class=\"elementor-heading-title elementor-size-default\">The seat of the king\n<\/h2>\t\t<\/div>\n\t\t\t\t<\/div>\n\t\t\t\t\t<\/div>\n\t\t<\/div>\n\t\t\t\t\t<\/div>\n\t\t<\/section>\n\t\t\t\t<section class=\"elementor-section elementor-top-section elementor-element elementor-element-17889bc elementor-section-boxed elementor-section-height-default elementor-section-height-default\" data-id=\"17889bc\" data-element_type=\"section\">\n\t\t\t\t\t\t<div class=\"elementor-container elementor-column-gap-default\">\n\t\t\t\t\t<div class=\"elementor-column elementor-col-100 elementor-top-column elementor-element elementor-element-2bafc2f\" data-id=\"2bafc2f\" data-element_type=\"column\">\n\t\t\t<div class=\"elementor-widget-wrap elementor-element-populated\">\n\t\t\t\t\t\t<div class=\"elementor-element elementor-element-71adf25 elementor-widget elementor-widget-text-editor\" data-id=\"71adf25\" data-element_type=\"widget\" data-widget_type=\"text-editor.default\">\n\t\t\t\t<div class=\"elementor-widget-container\">\n\t\t\t\t\t\t\t<p>Vy\u0161ehrad was built in the 10th century during the rule of the P\u0159emyslid dynasty. Constructed to serve as a fort, Vy\u0161ehrad became the seat of the first Czech king\u00a0<strong>Vratislav (Vratislaus) I<\/strong>,<strong>\u00a0<\/strong>who also had\u00a0<strong>St. Peter and Paul\u2019s Basilica<\/strong>\u00a0built here. St. Martin\u2019s Rotunda, the oldest rotunda in Prague, also comes from this period. With a diameter of 6.5 metres it is also the largest rotunda in Prague. What is also impressive is that its walls are one meter thick. The place was also popular with Charles IV, who decided, out of respect for his P\u0159emyslid predecessors, to renew its significance.<\/p>\t\t\t\t\t\t<\/div>\n\t\t\t\t<\/div>\n\t\t\t\t<div class=\"elementor-element elementor-element-5a02f4a elementor-widget elementor-widget-text-editor\" data-id=\"5a02f4a\" data-element_type=\"widget\" data-widget_type=\"text-editor.default\">\n\t\t\t\t<div class=\"elementor-widget-container\">\n\t\t\t\t\t\t\t<p>Worth the mention is also a cemetery situated in Vy\u0161ehrad. Founded in 1260, the cemetery is the final resting place of over 600 outstanding artists and writers, who played a significant part in the history of Czech culture.<\/p>\t\t\t\t\t\t<\/div>\n\t\t\t\t<\/div>\n\t\t\t\t<div class=\"elementor-element elementor-element-cee4906 elementor-widget elementor-widget-shortcode\" data-id=\"cee4906\" data-element_type=\"widget\" data-widget_type=\"shortcode.default\">\n\t\t\t\t<div class=\"elementor-widget-container\">\n\t\t\t\t\t<div class=\"elementor-shortcode\"><p><iframe style=\"border: 0;\" src=\"https:\/\/www.google.com\/maps\/embed?pb=!1m28!1m12!1m3!1d40952.36454719666!2d14.372571242937392!3d50.095221033396!2m3!1f0!2f0!3f0!3m2!1i1024!2i768!4f13.1!4m13!3e3!4m5!1s0x470beab615e56dd9%3A0x516e968d96347714!2zQXBhcnRtw6FueSBCxZlldGlzbGF2a2EsIFYgxaDDoXJlY2vDqW0gw7pkb2zDrSA3NjQvMSwgMTYwIDAwIFByYWhhIDYtRGVqdmljZQ!3m2!1d50.123019299999996!2d14.3887763!4m5!1s0x470b9460a75a2e3f%3A0xcf704255fb50c58f!2sVy%C5%A1ehrad%2C+Praha-Praha+2!3m2!1d50.0673811!2d14.4173906!5e0!3m2!1scs!2scz!4v1503993744144\" width=\"950\" height=\"600\" frameborder=\"0\" allowfullscreen=\"allowfullscreen\"><\/iframe><\/p><\/div>\n\t\t\t\t<\/div>\n\t\t\t\t<\/div>\n\t\t\t\t\t<\/div>\n\t\t<\/div>\n\t\t\t\t\t<\/div>\n\t\t<\/section>\n\t\t\t\t<section class=\"elementor-section elementor-top-section elementor-element elementor-element-6a7e0d3 elementor-section-boxed elementor-section-height-default elementor-section-height-default\" data-id=\"6a7e0d3\" data-element_type=\"section\">\n\t\t\t\t\t\t<div class=\"elementor-container elementor-column-gap-default\">\n\t\t\t\t\t<div class=\"elementor-column elementor-col-100 elementor-top-column elementor-element elementor-element-b1f5486\" data-id=\"b1f5486\" data-element_type=\"column\">\n\t\t\t<div class=\"elementor-widget-wrap elementor-element-populated\">\n\t\t\t\t\t\t<div class=\"elementor-element elementor-element-8a68e4a elementor-widget elementor-widget-text-editor\" data-id=\"8a68e4a\" data-element_type=\"widget\" data-widget_type=\"text-editor.default\">\n\t\t\t\t<div class=\"elementor-widget-container\">\n\t\t\t\t\t\t\t<div id=\"main\" class=\"clearfix \"><div class=\"fusion-row\"><div id=\"content\"><div id=\"post-5240\" class=\"post-5240 post type-post status-publish format-standard has-post-thumbnail hentry category-blog-en category-discovering-the-czech-republic category-getting-around-prague category-tips-for-guests category-tips-for-trips tag-basilica-prague tag-bretislavka-en tag-getting-around-prague tag-panoramic-views-prague tag-prague-divoka-sarka tag-prague-history tag-prague-trips tag-vysehrad-en-2\"><div class=\"post-content single-content\"><div>The\u00a0<a href=\"http:\/\/www.bretislavka.cz\/\"><strong>B\u0159etislavka Residence<\/strong><\/a>\u00a0team wish you unforgettable moments while discovering historic and cultural gems of the Czech capital.<\/div><\/div><\/div><\/div><\/div><\/div><div class=\"fusion-footer\"><footer class=\"fusion-footer-widget-area fusion-widget-area\"><div class=\"fusion-row\"><div class=\"fusion-columns fusion-columns-1 fusion-widget-area\">\u00a0<\/div><\/div><\/footer><\/div>\t\t\t\t\t\t<\/div>\n\t\t\t\t<\/div>\n\t\t\t\t\t<\/div>\n\t\t<\/div>\n\t\t\t\t\t<\/div>\n\t\t<\/section>\n\t\t\t\t<\/div>\n\t\t","protected":false},"excerpt":{"rendered":"<p>Living in a city and still feeling comfortable is possible. Discover what it feels like to be at home in the \u0160\u00e1reck\u00e9 \u00fadol\u00ed valley.<\/p>\n","protected":false},"author":2,"featured_media":3076,"comment_status":"closed","ping_status":"closed","sticky":false,"template":"","format":"standard","meta":{"_acf_changed":false,"footnotes":""},"categories":[114,171,20,7],"tags":[608,489,609,602,97,610,611,613,612],"acf":[],"_links":{"self":[{"href":"https:\/\/www.egida.cz\/en\/wp-json\/wp\/v2\/posts\/3093"}],"collection":[{"href":"https:\/\/www.egida.cz\/en\/wp-json\/wp\/v2\/posts"}],"about":[{"href":"https:\/\/www.egida.cz\/en\/wp-json\/wp\/v2\/types\/post"}],"author":[{"embeddable":true,"href":"https:\/\/www.egida.cz\/en\/wp-json\/wp\/v2\/users\/2"}],"replies":[{"embeddable":true,"href":"https:\/\/www.egida.cz\/en\/wp-json\/wp\/v2\/comments?post=3093"}],"version-history":[{"count":4,"href":"https:\/\/www.egida.cz\/en\/wp-json\/wp\/v2\/posts\/3093\/revisions"}],"predecessor-version":[{"id":3342,"href":"https:\/\/www.egida.cz\/en\/wp-json\/wp\/v2\/posts\/3093\/revisions\/3342"}],"wp:featuredmedia":[{"embeddable":true,"href":"https:\/\/www.egida.cz\/en\/wp-json\/wp\/v2\/media\/3076"}],"wp:attachment":[{"href":"https:\/\/www.egida.cz\/en\/wp-json\/wp\/v2\/media?parent=3093"}],"wp:term":[{"taxonomy":"category","embeddable":true,"href":"https:\/\/www.egida.cz\/en\/wp-json\/wp\/v2\/categories?post=3093"},{"taxonomy":"post_tag","embeddable":true,"href":"https:\/\/www.egida.cz\/en\/wp-json\/wp\/v2\/tags?post=3093"}],"curies":[{"name":"wp","href":"https:\/\/api.w.org\/{rel}","templated":true}]}}